{"id":5981,"date":"2021-07-08T16:10:26","date_gmt":"2021-07-08T21:10:26","guid":{"rendered":"https:\/\/www.salcedo.gob.ec\/?p=5981"},"modified":"2021-07-08T16:10:26","modified_gmt":"2021-07-08T21:10:26","slug":"la-banda-municipal-llega-con-musica-y-alegria-a-todas-las-parroquias-de-salcedo","status":"publish","type":"post","link":"https:\/\/www.salcedo.gob.ec\/?p=5981","title":{"rendered":"La Banda Municipal llega con m\u00fasica y alegr\u00eda a todas las parroquias de Salcedo"},"content":{"rendered":"<p>\u201cM\u00fasica en tiempos de Covid\u201d se denomina el proyecto de la Jefatura de Desarrollo Social del Gobierno Aut\u00f3nomo Descentralizado (GAD) de Salcedo que busca llevar alegr\u00eda y momentos de sano esparcimiento a las diferentes parroquias del cant\u00f3n, a trav\u00e9s de la Banda Municipal que est\u00e1 conformada por m\u00fasicos de trayectoria y que entonan melod\u00edas que invitan a bailar.<\/p>\n<p>La agenda arranc\u00f3 en Cusubamba el mi\u00e9rcoles 7 de julio, el jueves 8 estuvo en San Miguel, las personas que pasaban por el Parque Central y que llegaban y sal\u00edan del Palacio Municipal disfrutaron de la retreta, as\u00ed lo confirm\u00f3 Marco Ramos, quien lleg\u00f3 desde Ambato a la ciudad y fue recibido con m\u00fasica, \u201cyo le felicito al Alcalde y a los organizadores, porque esto es muy atractivo para quienes venimos de otros lugares\u201d, dijo.<\/p>\n<p>A este criterio se sum\u00f3 Iv\u00e1n Soria, salcedenses dedicado a la comunicaci\u00f3n, quien destac\u00f3 la importancia de ponerle ritmo a la gente en estos tiempo dif\u00edciles que se viven por la pandemia, \u201cla m\u00fasica y el arte en una ciudad es importante, porque se convierte en una galer\u00eda cultural, muy buena la iniciativa\u201d, destac\u00f3.<\/p>\n<p>Mientras que Orlando Murillo, jefe de Desarrollo Social, se\u00f1al\u00f3 que las pr\u00f3ximas retretas se llevar\u00e1n a cabo de la siguiente manera: viernes 9 est\u00e1 previsto que llegue a Mulalillo a las 16:00, mientras que el domingo 11 a las 8:30 estar\u00e1 en Mulliquindil, a las 10:00 arribar\u00e1 a Antonio Jos\u00e9 Holgu\u00edn, a las 12:00 visitar\u00e1n Panzaleo y las 15:00 cerrar\u00e1n con broche de oro en el Parque Central de Salcedo.<\/p>\n<p>\u201cLes invitamos a todos para que se unan a esta alegr\u00eda que sin duda nos permitir\u00e1 despejar la mente, este es el principal objetivo del alcalde Willan Naranjo\u201d, explic\u00f3 Murillo. Las presentaciones tambi\u00e9n ser\u00e1n trasmitidas por la p\u00e1gina del GAD Municipal para que la mayor cantidad de personas puedan disfrutarlas.<\/p>\n","protected":false},"excerpt":{"rendered":"<p>\u201cM\u00fasica en tiempos de Covid\u201d se denomina el proyecto de la Jefatura de Desarrollo Social del Gobierno Aut\u00f3nomo Descentralizado (GAD) de Salcedo que busca llevar alegr\u00eda y momentos de sano esparcimiento a las diferentes parroquias del cant\u00f3n, a trav\u00e9s de la Banda Municipal que est\u00e1 conformada por m\u00fasicos de trayectoria y que entonan melod\u00edas que [&hellip;]<\/p>\n","protected":false},"author":2,"featured_media":5982,"comment_status":"open","ping_status":"open","sticky":false,"template":"","format":"standard","meta":{"_acf_changed":false,"_crdt_document":"","footnotes":""},"categories":[103],"tags":[],"class_list":["post-5981","post","type-post","status-publish","format-standard","has-post-thumbnail","hentry","category-noticias"],"acf":[],"_links":{"self":[{"href":"https:\/\/www.salcedo.gob.ec\/index.php?rest_route=\/wp\/v2\/posts\/5981","targetHints":{"allow":["GET"]}}],"collection":[{"href":"https:\/\/www.salcedo.gob.ec\/index.php?rest_route=\/wp\/v2\/posts"}],"about":[{"href":"https:\/\/www.salcedo.gob.ec\/index.php?rest_route=\/wp\/v2\/types\/post"}],"author":[{"embeddable":true,"href":"https:\/\/www.salcedo.gob.ec\/index.php?rest_route=\/wp\/v2\/users\/2"}],"replies":[{"embeddable":true,"href":"https:\/\/www.salcedo.gob.ec\/index.php?rest_route=%2Fwp%2Fv2%2Fcomments&post=5981"}],"version-history":[{"count":0,"href":"https:\/\/www.salcedo.gob.ec\/index.php?rest_route=\/wp\/v2\/posts\/5981\/revisions"}],"wp:featuredmedia":[{"embeddable":true,"href":"https:\/\/www.salcedo.gob.ec\/index.php?rest_route=\/wp\/v2\/media\/5982"}],"wp:attachment":[{"href":"https:\/\/www.salcedo.gob.ec\/index.php?rest_route=%2Fwp%2Fv2%2Fmedia&parent=5981"}],"wp:term":[{"taxonomy":"category","embeddable":true,"href":"https:\/\/www.salcedo.gob.ec\/index.php?rest_route=%2Fwp%2Fv2%2Fcategories&post=5981"},{"taxonomy":"post_tag","embeddable":true,"href":"https:\/\/www.salcedo.gob.ec\/index.php?rest_route=%2Fwp%2Fv2%2Ftags&post=5981"}],"curies":[{"name":"wp","href":"https:\/\/api.w.org\/{rel}","templated":true}]}}